{"id":9544,"date":"2026-03-13T10:00:00","date_gmt":"2026-03-13T16:00:00","guid":{"rendered":"https:\/\/pixelnews.vivaro.com\/?p=9544"},"modified":"2026-03-11T11:37:37","modified_gmt":"2026-03-11T17:37:37","slug":"narrativas-que-inspiran-historias-personales-que-impulsan-liderazgo-y-cultura-organizacional","status":"publish","type":"post","link":"https:\/\/pixelnews.vivaro.com\/en\/2026\/03\/13\/narrativas-que-inspiran-historias-personales-que-impulsan-liderazgo-y-cultura-organizacional\/","title":{"rendered":"Narrativas que inspiran: historias personales que impulsan liderazgo y cultura organizacional\u202f\u00a0"},"content":{"rendered":"<p>En el marco del D\u00eda Internacional de la Mujer, especialistas en comunicaci\u00f3n comparten c\u00f3mo el\u202fstorytelling\u202fpersonal y colectivo puede fortalecer la visibilidad profesional, la colaboraci\u00f3n y nuevas formas de liderazgo en los equipos de trabajo.\u202f\u00a0<\/p>\n\n\n\n<p>Las historias que contamos sobre nosotros mismos pueden influir en la forma en que trabajamos, colaboramos y lideramos.\u202f&nbsp;<\/p>\n\n\n\n<p>Bajo esta premisa se llev\u00f3 a cabo la charla\u202f<em>\u201cNarrativas que inspiran: el poder de nuestras historias en la vida personal y profesional\u201d<\/em>,\u202fla cual se llev\u00f3 a cabo el viernes 6 de marzo, en el marco del&nbsp;D\u00eda Internacional de la Mujer.\u202f\u202f&nbsp;<br>La sesi\u00f3n fue moderada por la analista de comunicaci\u00f3n, Daniela Carranza y tuvo como ponentes a dos expertas en el \u00e1rea de comunicaci\u00f3n; Ninfa Aurora Romero\u202fMedellin, quien es\u202fgerente del Museo de Telecomunicaci\u00f3n; y Liliana&nbsp;Garc\u00eda,\u202fdirectora Comercial y Mercadotecnia de la Liga ACE.\u202f&nbsp;<\/p>\n\n\n\n<p>La charla tuvo como fin el reflexionar en\u202fc\u00f3mo las historias que contamos y consumimos influyen en nuestras decisiones, oportunidades y cultura organizacional, ya que se abordaron tem\u00e1ticas\u202fsobre las narrativas personales y colectivas y el c\u00f3mo \u00e9stas influyen en la forma en que las personas trabajan, lideran, colaboran y se perciben a s\u00ed mismas.\u202f&nbsp;<\/p>\n\n\n\n<p>De igual manera, la charla busc\u00f3 hacer una invitaci\u00f3n inclusiva para escuchar y reflexionar, ya que se destac\u00f3 que todas las personas tienen historias\u202fque\u202fcontar y patrones que&nbsp;revisar.\u202fPuesto que \u201c<strong>cambiar las historias que nos contamos puede cambiar conductas y, eventualmente, transformar la cultura de los equipos y organizaciones\u201d<\/strong>.\u202f&nbsp;<\/p>\n\n\n\n<p>Liliana y Ninfa compartieron herramientas para poder destacar en un entorno saturado de contenidos, asimismo explicaron c\u00f3mo las historias que\u202fcontamos,\u202finfluyen en la colaboraci\u00f3n, el liderazgo y la toma de decisiones. Igualmente, destacaron la relaci\u00f3n que existe entre las historias personales y la construcci\u00f3n de la cultura organizacional.\u202f\u202f&nbsp;<\/p>\n\n\n\n<p>Hacia el cierre de la charla, las ponentes destacaron que,&nbsp;incluso,&nbsp;una narrativa aparentemente positiva puede convertirse en un l\u00edmite si no es aut\u00e9ntica o no est\u00e1 alineada con los valores e identidad de cada persona. Reconocer estas narrativas implica un ejercicio de introspecci\u00f3n y honestidad personal, en el que tambi\u00e9n es\u202fposible identificar se\u00f1ales como la incomodidad emocional o la falta de coherencia entre lo que se dice y lo que realmente se siente.\u202f&nbsp;<\/p>\n\n\n\n<p>Asimismo, subrayaron el poder del lenguaje en la construcci\u00f3n de nuevas posibilidades. Peque\u00f1os cambios en la forma de expresarnos \u2014como sustituir frases limitantes por expresiones como \u201ca\u00fan no\u201d\u2014 pueden abrir espacio al aprendizaje y al crecimiento, al reconocer que las habilidades y procesos se desarrollan con el tiempo.\u202f&nbsp;<\/p>\n\n\n\n<p>Finalmente,\u202fambas\u202fespecialistas recordaron que no se necesitan historias perfectas, sino relatos honestos y \u00fatiles.&nbsp;&nbsp;<\/p>\n\n\n\n<p>Elegir de manera consciente las narrativas que compartimos puede influir en nuestras decisiones personales y, al mismo tiempo, contribuir a transformar la cultura de los equipos y organizaciones.\u202f&nbsp;<\/p>\n\n\n\n<p>En suma,&nbsp;<em>Narrativas que inspiran<\/em>&nbsp;nos record\u00f3 que cada historia personal es una herramienta de transformaci\u00f3n: puede abrir posibilidades, impulsar conversaciones m\u00e1s humanas y fortalecer culturas donde el liderazgo se construye desde la autenticidad.&nbsp;&nbsp;<\/p>\n\n\n\n<p>Al elegir con consciencia las historias que contamos \u2014y las que decidimos dejar atr\u00e1s\u2014 tambi\u00e9n elegimos c\u00f3mo queremos relacionarnos, colaborar y crecer dentro de nuestros equipos.&nbsp;&nbsp;<\/p>\n\n\n\n<p>Porque cuando una organizaci\u00f3n se escucha a s\u00ed misma a trav\u00e9s de sus propias voces, encuentra nuevas formas de avanzar juntas.&nbsp;<\/p>\n\n\n<div class=\"wp-block-image\">\n<figure class=\"aligncenter size-large is-resized\"><img fetchpriority=\"high\" decoding=\"async\" width=\"1024\" height=\"683\" src=\"https:\/\/pixelnews.vivaro.com\/wp-content\/uploads\/2026\/03\/Pixel-2-1-1024x683.jpg\" alt=\"\" class=\"wp-image-9546\" style=\"aspect-ratio:1.4992888417882142;width:616px;height:auto\" srcset=\"https:\/\/pixelnews.vivaro.com\/wp-content\/uploads\/2026\/03\/Pixel-2-1-1024x683.jpg 1024w, https:\/\/pixelnews.vivaro.com\/wp-content\/uploads\/2026\/03\/Pixel-2-1-300x200.jpg 300w, https:\/\/pixelnews.vivaro.com\/wp-content\/uploads\/2026\/03\/Pixel-2-1-768x512.jpg 768w, https:\/\/pixelnews.vivaro.com\/wp-content\/uploads\/2026\/03\/Pixel-2-1-1536x1024.jpg 1536w, https:\/\/pixelnews.vivaro.com\/wp-content\/uploads\/2026\/03\/Pixel-2-1-2048x1365.jpg 2048w, https:\/\/pixelnews.vivaro.com\/wp-content\/uploads\/2026\/03\/Pixel-2-1-18x12.jpg 18w, https:\/\/pixelnews.vivaro.com\/wp-content\/uploads\/2026\/03\/Pixel-2-1-174x116.jpg 174w\" sizes=\"(max-width: 1024px) 100vw, 1024px\" \/><\/figure>\n<\/div>","protected":false},"excerpt":{"rendered":"<p>En el marco del D\u00eda Internacional de la Mujer, especialistas en comunicaci\u00f3n comparten c\u00f3mo el\u202fstorytelling\u202fpersonal y colectivo puede fortalecer la visibilidad profesional, la colaboraci\u00f3n y nuevas formas de liderazgo en los equipos de trabajo.\u202f\u00a0 Las historias que contamos sobre nosotros mismos pueden influir en la forma en que trabajamos, colaboramos y lideramos.\u202f&nbsp; Bajo esta premisa [&hellip;]<\/p>\n","protected":false},"author":4,"featured_media":9545,"comment_status":"open","ping_status":"open","sticky":false,"template":"","format":"standard","meta":{"_jetpack_memberships_contains_paid_content":false,"footnotes":""},"categories":[108,32,102],"tags":[44,75],"class_list":["post-9544","post","type-post","status-publish","format-standard","has-post-thumbnail","hentry","category-asi-lo-vivi","category-comunidad","category-conferencias","tag-comunidad","tag-vivaro"],"jetpack_featured_media_url":"https:\/\/pixelnews.vivaro.com\/wp-content\/uploads\/2026\/03\/Pixel-2-scaled.jpg","wps_subtitle":"","blog_post_layout_featured_media_urls":{"thumbnail":["https:\/\/pixelnews.vivaro.com\/wp-content\/uploads\/2026\/03\/Pixel-2-150x150.jpg",150,150,true],"full":["https:\/\/pixelnews.vivaro.com\/wp-content\/uploads\/2026\/03\/Pixel-2-scaled.jpg",2560,1707,false]},"categories_names":{"108":{"name":"As\u00ed lo Viv\u00ed","link":"https:\/\/pixelnews.vivaro.com\/en\/category\/asi-lo-vivi\/"},"32":{"name":"Community","link":"https:\/\/pixelnews.vivaro.com\/en\/category\/comunidad\/"},"102":{"name":"Conferencias","link":"https:\/\/pixelnews.vivaro.com\/en\/category\/conferencias\/"}},"tags_names":{"44":{"name":"Community","link":"https:\/\/pixelnews.vivaro.com\/en\/tag\/comunidad\/"},"75":{"name":"V\u00edvaro","link":"https:\/\/pixelnews.vivaro.com\/en\/tag\/vivaro\/"}},"comments_number":"0","wpmagazine_modules_lite_featured_media_urls":{"thumbnail":["https:\/\/pixelnews.vivaro.com\/wp-content\/uploads\/2026\/03\/Pixel-2-150x150.jpg",150,150,true],"cvmm-medium":["https:\/\/pixelnews.vivaro.com\/wp-content\/uploads\/2026\/03\/Pixel-2-300x300.jpg",300,300,true],"cvmm-medium-plus":["https:\/\/pixelnews.vivaro.com\/wp-content\/uploads\/2026\/03\/Pixel-2-305x207.jpg",305,207,true],"cvmm-portrait":["https:\/\/pixelnews.vivaro.com\/wp-content\/uploads\/2026\/03\/Pixel-2-400x600.jpg",400,600,true],"cvmm-medium-square":["https:\/\/pixelnews.vivaro.com\/wp-content\/uploads\/2026\/03\/Pixel-2-600x600.jpg",600,600,true],"cvmm-large":["https:\/\/pixelnews.vivaro.com\/wp-content\/uploads\/2026\/03\/Pixel-2-1024x1024.jpg",1024,1024,true],"cvmm-small":["https:\/\/pixelnews.vivaro.com\/wp-content\/uploads\/2026\/03\/Pixel-2-130x95.jpg",130,95,true],"full":["https:\/\/pixelnews.vivaro.com\/wp-content\/uploads\/2026\/03\/Pixel-2-scaled.jpg",2560,1707,false]},"jetpack_sharing_enabled":true,"_links":{"self":[{"href":"https:\/\/pixelnews.vivaro.com\/en\/wp-json\/wp\/v2\/posts\/9544","targetHints":{"allow":["GET"]}}],"collection":[{"href":"https:\/\/pixelnews.vivaro.com\/en\/wp-json\/wp\/v2\/posts"}],"about":[{"href":"https:\/\/pixelnews.vivaro.com\/en\/wp-json\/wp\/v2\/types\/post"}],"author":[{"embeddable":true,"href":"https:\/\/pixelnews.vivaro.com\/en\/wp-json\/wp\/v2\/users\/4"}],"replies":[{"embeddable":true,"href":"https:\/\/pixelnews.vivaro.com\/en\/wp-json\/wp\/v2\/comments?post=9544"}],"version-history":[{"count":1,"href":"https:\/\/pixelnews.vivaro.com\/en\/wp-json\/wp\/v2\/posts\/9544\/revisions"}],"predecessor-version":[{"id":9547,"href":"https:\/\/pixelnews.vivaro.com\/en\/wp-json\/wp\/v2\/posts\/9544\/revisions\/9547"}],"wp:featuredmedia":[{"embeddable":true,"href":"https:\/\/pixelnews.vivaro.com\/en\/wp-json\/wp\/v2\/media\/9545"}],"wp:attachment":[{"href":"https:\/\/pixelnews.vivaro.com\/en\/wp-json\/wp\/v2\/media?parent=9544"}],"wp:term":[{"taxonomy":"category","embeddable":true,"href":"https:\/\/pixelnews.vivaro.com\/en\/wp-json\/wp\/v2\/categories?post=9544"},{"taxonomy":"post_tag","embeddable":true,"href":"https:\/\/pixelnews.vivaro.com\/en\/wp-json\/wp\/v2\/tags?post=9544"}],"curies":[{"name":"wp","href":"https:\/\/api.w.org\/{rel}","templated":true}]}}