{"id":9539,"date":"2026-03-13T10:00:00","date_gmt":"2026-03-13T16:00:00","guid":{"rendered":"https:\/\/pixelnews.vivaro.com\/?p=9539"},"modified":"2026-03-11T11:27:37","modified_gmt":"2026-03-11T17:27:37","slug":"participamos-en-andina-link-cartagena-2026","status":"publish","type":"post","link":"https:\/\/pixelnews.vivaro.com\/en\/2026\/03\/13\/participamos-en-andina-link-cartagena-2026\/","title":{"rendered":"Participamos\u00a0en Andina\u00a0Link\u00a0Cartagena 2026\u00a0"},"content":{"rendered":"<p>V\u00edvaro&nbsp;estuvo&nbsp;presente en Andina&nbsp;Link&nbsp;Cartagena 2026, uno de los encuentros m\u00e1s relevantes para la industria de las telecomunicaciones en Am\u00e9rica Latina.&nbsp;&nbsp;<\/p>\n\n\n\n<p>Este foro se ha consolidado como un punto estrat\u00e9gico para el intercambio de tendencias, soluciones tecnol\u00f3gicas y modelos de negocio que impulsan la transformaci\u00f3n digital de la regi\u00f3n.&nbsp;<\/p>\n\n\n\n<p>Nuestra presencia en el evento tuvo&nbsp;como eje principal la promoci\u00f3n de la expansi\u00f3n de nuestra Red IP en M\u00e9xico, reforzando su papel como un&nbsp;hub&nbsp;estrat\u00e9gico de conectividad para operadores nacionales e internacionales.&nbsp;&nbsp;<\/p>\n\n\n\n<p>M\u00e9xico contin\u00faa consolid\u00e1ndose como un mercado clave para el tr\u00e1fico regional, y uno de los objetivos de&nbsp;V\u00edvaro&nbsp;es fortalecer alianzas que permitan habilitar rutas m\u00e1s eficientes, mayor capacidad y soluciones robustas de interconexi\u00f3n.&nbsp;<\/p>\n\n\n\n<p>Durante las jornadas del congreso,&nbsp;se busc\u00f3&nbsp;establecer nuevas colaboraciones con operadores de Latinoam\u00e9rica interesados en ampliar su presencia hacia el mercado mexicano. Este enfoque abre oportunidades para desarrollar proyectos conjuntos, mejorar la infraestructura regional y ofrecer alternativas de valor agregado a clientes empresariales y mayoristas.&nbsp;<\/p>\n\n\n\n<p>La participaci\u00f3n de&nbsp;V\u00edvaro&nbsp;estuvo&nbsp;a cargo de Iv\u00e1n Garc\u00eda, responsable de desarrollo de negocio y acuerdos estrat\u00e9gicos, quien represent\u00f3&nbsp;a la compa\u00f1\u00eda en las reuniones con socios potenciales y en los espacios de an\u00e1lisis del ecosistema de telecomunicaciones.&nbsp;<\/p>\n\n\n\n<p>Estar presentes en Andina&nbsp;Link&nbsp;Cartagena nos permite&nbsp;continuar fortaleciendo nuestra visi\u00f3n: construir redes m\u00e1s eficientes, resilientes y preparadas para responder a las crecientes demandas de conectividad en la regi\u00f3n.&nbsp;<\/p>","protected":false},"excerpt":{"rendered":"<p>V\u00edvaro&nbsp;estuvo&nbsp;presente en Andina&nbsp;Link&nbsp;Cartagena 2026, uno de los encuentros m\u00e1s relevantes para la industria de las telecomunicaciones en Am\u00e9rica Latina.&nbsp;&nbsp; Este foro se ha consolidado como un punto estrat\u00e9gico para el intercambio de tendencias, soluciones tecnol\u00f3gicas y modelos de negocio que impulsan la transformaci\u00f3n digital de la regi\u00f3n.&nbsp; Nuestra presencia en el evento tuvo&nbsp;como eje principal [&hellip;]<\/p>\n","protected":false},"author":4,"featured_media":9540,"comment_status":"open","ping_status":"open","sticky":false,"template":"","format":"standard","meta":{"_jetpack_memberships_contains_paid_content":false,"footnotes":""},"categories":[31,29],"tags":[38,75],"class_list":["post-9539","post","type-post","status-publish","format-standard","has-post-thumbnail","hentry","category-desarrollandonos","category-nuestros-negocios","tag-familia-marcatel","tag-vivaro"],"jetpack_featured_media_url":"https:\/\/pixelnews.vivaro.com\/wp-content\/uploads\/2026\/03\/Captura-de-pantalla-2026-03-11-a-las-11.26.13-a.m.png","wps_subtitle":"","blog_post_layout_featured_media_urls":{"thumbnail":["https:\/\/pixelnews.vivaro.com\/wp-content\/uploads\/2026\/03\/Captura-de-pantalla-2026-03-11-a-las-11.26.13-a.m-150x150.png",150,150,true],"full":["https:\/\/pixelnews.vivaro.com\/wp-content\/uploads\/2026\/03\/Captura-de-pantalla-2026-03-11-a-las-11.26.13-a.m.png",1956,896,false]},"categories_names":{"31":{"name":"Our Growth","link":"https:\/\/pixelnews.vivaro.com\/en\/category\/desarrollandonos\/"},"29":{"name":"Our Business","link":"https:\/\/pixelnews.vivaro.com\/en\/category\/nuestros-negocios\/"}},"tags_names":{"38":{"name":"Familia V\u00edvaro","link":"https:\/\/pixelnews.vivaro.com\/en\/tag\/familia-marcatel\/"},"75":{"name":"V\u00edvaro","link":"https:\/\/pixelnews.vivaro.com\/en\/tag\/vivaro\/"}},"comments_number":"0","wpmagazine_modules_lite_featured_media_urls":{"thumbnail":["https:\/\/pixelnews.vivaro.com\/wp-content\/uploads\/2026\/03\/Captura-de-pantalla-2026-03-11-a-las-11.26.13-a.m-150x150.png",150,150,true],"cvmm-medium":["https:\/\/pixelnews.vivaro.com\/wp-content\/uploads\/2026\/03\/Captura-de-pantalla-2026-03-11-a-las-11.26.13-a.m-300x300.png",300,300,true],"cvmm-medium-plus":["https:\/\/pixelnews.vivaro.com\/wp-content\/uploads\/2026\/03\/Captura-de-pantalla-2026-03-11-a-las-11.26.13-a.m-305x207.png",305,207,true],"cvmm-portrait":["https:\/\/pixelnews.vivaro.com\/wp-content\/uploads\/2026\/03\/Captura-de-pantalla-2026-03-11-a-las-11.26.13-a.m-400x600.png",400,600,true],"cvmm-medium-square":["https:\/\/pixelnews.vivaro.com\/wp-content\/uploads\/2026\/03\/Captura-de-pantalla-2026-03-11-a-las-11.26.13-a.m-600x600.png",600,600,true],"cvmm-large":["https:\/\/pixelnews.vivaro.com\/wp-content\/uploads\/2026\/03\/Captura-de-pantalla-2026-03-11-a-las-11.26.13-a.m-1024x896.png",1024,896,true],"cvmm-small":["https:\/\/pixelnews.vivaro.com\/wp-content\/uploads\/2026\/03\/Captura-de-pantalla-2026-03-11-a-las-11.26.13-a.m-130x95.png",130,95,true],"full":["https:\/\/pixelnews.vivaro.com\/wp-content\/uploads\/2026\/03\/Captura-de-pantalla-2026-03-11-a-las-11.26.13-a.m.png",1956,896,false]},"jetpack_sharing_enabled":true,"_links":{"self":[{"href":"https:\/\/pixelnews.vivaro.com\/en\/wp-json\/wp\/v2\/posts\/9539","targetHints":{"allow":["GET"]}}],"collection":[{"href":"https:\/\/pixelnews.vivaro.com\/en\/wp-json\/wp\/v2\/posts"}],"about":[{"href":"https:\/\/pixelnews.vivaro.com\/en\/wp-json\/wp\/v2\/types\/post"}],"author":[{"embeddable":true,"href":"https:\/\/pixelnews.vivaro.com\/en\/wp-json\/wp\/v2\/users\/4"}],"replies":[{"embeddable":true,"href":"https:\/\/pixelnews.vivaro.com\/en\/wp-json\/wp\/v2\/comments?post=9539"}],"version-history":[{"count":1,"href":"https:\/\/pixelnews.vivaro.com\/en\/wp-json\/wp\/v2\/posts\/9539\/revisions"}],"predecessor-version":[{"id":9541,"href":"https:\/\/pixelnews.vivaro.com\/en\/wp-json\/wp\/v2\/posts\/9539\/revisions\/9541"}],"wp:featuredmedia":[{"embeddable":true,"href":"https:\/\/pixelnews.vivaro.com\/en\/wp-json\/wp\/v2\/media\/9540"}],"wp:attachment":[{"href":"https:\/\/pixelnews.vivaro.com\/en\/wp-json\/wp\/v2\/media?parent=9539"}],"wp:term":[{"taxonomy":"category","embeddable":true,"href":"https:\/\/pixelnews.vivaro.com\/en\/wp-json\/wp\/v2\/categories?post=9539"},{"taxonomy":"post_tag","embeddable":true,"href":"https:\/\/pixelnews.vivaro.com\/en\/wp-json\/wp\/v2\/tags?post=9539"}],"curies":[{"name":"wp","href":"https:\/\/api.w.org\/{rel}","templated":true}]}}